{"id":12061,"date":"2019-12-09T12:18:00","date_gmt":"2019-12-09T10:18:00","guid":{"rendered":"https:\/\/www.nns.cz\/blog\/?p=12061"},"modified":"2020-01-07T15:17:35","modified_gmt":"2020-01-07T13:17:35","slug":"interaktivni-pracovni-list-a-pdf-ke-stazeni-den-obnovy-samostatneho-ceskeho-statu","status":"publish","type":"post","link":"https:\/\/www.nns.cz\/blog\/vlastiveda\/interaktivni-pracovni-list-a-pdf-ke-stazeni-den-obnovy-samostatneho-ceskeho-statu\/","title":{"rendered":"Interaktivn\u00ed pracovn\u00ed list a&nbsp;PDF ke sta\u017een\u00ed DEN OBNOVY SAMOSTATN\u00c9HO \u010cESK\u00c9HO ST\u00c1TU"},"content":{"rendered":"<p>V\u00e1\u017een\u00ed u\u010ditel\u00e9, mil\u00ed \u017e\u00e1ci,<\/p>\n<p>ve v\u0161em tom sv\u00e1te\u010dn\u00edm d\u011bn\u00ed v&nbsp;z\u00e1v\u011bru roku si mo\u017en\u00e1 ani neuv\u011bdomujeme, \u017ee 1.&nbsp;ledna slav\u00edme nejen Nov\u00fd rok, ale tak\u00e9 st\u00e1tn\u00ed sv\u00e1tek p\u0159ipom\u00ednaj\u00edc\u00ed vznik \u010cesk\u00e9 republiky \u2013\u00a0<i>Den obnovy samostatn\u00e9ho \u010desk\u00e9ho st\u00e1tu<\/i>. Poj\u010fme si spole\u010dn\u011b zopakovat z\u00e1kladn\u00ed informace o&nbsp;samostatn\u00e9 cest\u011b na\u0161\u00ed zem\u011b.<\/p>\n<p><a href=\"https:\/\/www.nns.cz\/blog\/wp-content\/uploads\/Vlastiveda-5-pracovni-list-den-obnovy-samostatneho-ceskeho-statu-2020.pdf\"><strong>PDF ke sta\u017een\u00ed zde.<\/strong><\/a><\/p>\n<p><strong>Interaktivn\u00ed pracovn\u00ed list spust\u00edte kliknut\u00edm na obr\u00e1zek:<\/strong><\/p>\n<p><a href=\"https:\/\/www.mediacreator.cz\/mc\/?opentitle=Obnova_CR\/Obnova_CR.mc\"><img loading=\"lazy\" decoding=\"async\" class=\"aligncenter size-thumbnail wp-image-12068\" src=\"https:\/\/www.nns.cz\/blog\/wp-content\/uploads\/pracovni-list-den-obnovy-samostatneho-statu-580x326.jpg\" alt=\"\" width=\"580\" height=\"326\" srcset=\"https:\/\/www.nns.cz\/blog\/wp-content\/uploads\/pracovni-list-den-obnovy-samostatneho-statu-580x326.jpg 580w, https:\/\/www.nns.cz\/blog\/wp-content\/uploads\/pracovni-list-den-obnovy-samostatneho-statu-600x338.jpg 600w, https:\/\/www.nns.cz\/blog\/wp-content\/uploads\/pracovni-list-den-obnovy-samostatneho-statu-768x432.jpg 768w, https:\/\/www.nns.cz\/blog\/wp-content\/uploads\/pracovni-list-den-obnovy-samostatneho-statu-1024x576.jpg 1024w, https:\/\/www.nns.cz\/blog\/wp-content\/uploads\/pracovni-list-den-obnovy-samostatneho-statu-1320x743.jpg 1320w, https:\/\/www.nns.cz\/blog\/wp-content\/uploads\/pracovni-list-den-obnovy-samostatneho-statu.jpg 1920w\" sizes=\"auto, (max-width: 580px) 100vw, 580px\" \/><\/a><\/p>\n<p>[gview file=&#8220;https:\/\/www.nns.cz\/blog\/wp-content\/uploads\/Vlastiveda-5-pracovni-list-den-obnovy-samostatneho-ceskeho-statu-2020.pdf&#8220;]<\/p>\n<div class=\"inventory\" data-filter=\"false\" data-next=\"false\" data-cart=\"false\" data-ids=\"1425, 1452\"><div class=\"inventory-list\"><div class=\"dummy\"><\/div><div class=\"dummy\"><\/div><\/div><\/div>\n<div class=\"inventory\" data-filter=\"false\" data-next=\"false\" data-cart=\"false\" data-ids=\"1426, 1453\"><div class=\"inventory-list\"><div class=\"dummy\"><\/div><div class=\"dummy\"><\/div><\/div><\/div>\n<div class=\"inventory\" data-filter=\"false\" data-next=\"false\" data-cart=\"false\" data-ids=\"1416,1417,1418,1484\"><div class=\"inventory-list\"><div class=\"dummy\"><\/div><div class=\"dummy\"><\/div><div class=\"dummy\"><\/div><div class=\"dummy\"><\/div><\/div><\/div>\n<div class=\"inventory\" data-filter=\"false\" data-next=\"false\" data-cart=\"false\" data-ids=\"1601,1602,1603,1488\"><div class=\"inventory-list\"><div class=\"dummy\"><\/div><div class=\"dummy\"><\/div><div class=\"dummy\"><\/div><div class=\"dummy\"><\/div><\/div><\/div>\n<p>&nbsp;<\/p>\n","protected":false},"excerpt":{"rendered":"<p>V\u00e1\u017een\u00ed u\u010ditel\u00e9, mil\u00ed \u017e\u00e1ci,<\/p>\n<p>ve v\u0161em tom sv\u00e1te\u010dn\u00edm d\u011bn\u00ed v&nbsp;z\u00e1v\u011bru roku si mo\u017en\u00e1 ani neuv\u011bdomujeme, \u017ee 1.&nbsp;ledna slav\u00edme nejen Nov\u00fd rok, ale tak\u00e9 st\u00e1tn\u00ed sv\u00e1tek p\u0159ipom\u00ednaj\u00edc\u00ed vznik \u010cesk\u00e9 republiky \u2013 Den obnovy samostatn\u00e9ho \u010desk\u00e9ho st\u00e1tu. Poj\u010fme si spole\u010dn\u011b zopakovat z\u00e1kladn\u00ed informace o&nbsp;samostatn\u00e9 cest\u011b na\u0161\u00ed zem\u011b.<\/p>\n","protected":false},"author":5,"featured_media":0,"comment_status":"open","ping_status":"closed","sticky":false,"template":"","format":"standard","meta":{"footnotes":""},"categories":[31],"tags":[],"class_list":["post-12061","post","type-post","status-publish","format-standard","hentry","category-vlastiveda"],"_links":{"self":[{"href":"https:\/\/www.nns.cz\/blog\/wp-json\/wp\/v2\/posts\/12061","targetHints":{"allow":["GET"]}}],"collection":[{"href":"https:\/\/www.nns.cz\/blog\/wp-json\/wp\/v2\/posts"}],"about":[{"href":"https:\/\/www.nns.cz\/blog\/wp-json\/wp\/v2\/types\/post"}],"author":[{"embeddable":true,"href":"https:\/\/www.nns.cz\/blog\/wp-json\/wp\/v2\/users\/5"}],"replies":[{"embeddable":true,"href":"https:\/\/www.nns.cz\/blog\/wp-json\/wp\/v2\/comments?post=12061"}],"version-history":[{"count":8,"href":"https:\/\/www.nns.cz\/blog\/wp-json\/wp\/v2\/posts\/12061\/revisions"}],"predecessor-version":[{"id":12097,"href":"https:\/\/www.nns.cz\/blog\/wp-json\/wp\/v2\/posts\/12061\/revisions\/12097"}],"wp:attachment":[{"href":"https:\/\/www.nns.cz\/blog\/wp-json\/wp\/v2\/media?parent=12061"}],"wp:term":[{"taxonomy":"category","embeddable":true,"href":"https:\/\/www.nns.cz\/blog\/wp-json\/wp\/v2\/categories?post=12061"},{"taxonomy":"post_tag","embeddable":true,"href":"https:\/\/www.nns.cz\/blog\/wp-json\/wp\/v2\/tags?post=12061"}],"curies":[{"name":"wp","href":"https:\/\/api.w.org\/{rel}","templated":true}]}}