{"id":13083,"date":"2023-04-23T00:30:05","date_gmt":"2023-04-22T22:30:05","guid":{"rendered":"https:\/\/www.nns.cz\/blog\/?p=13083"},"modified":"2023-05-09T10:49:06","modified_gmt":"2023-05-09T08:49:06","slug":"den-matek-pracovni-listy-pro-1-2-a-3-rocnik-zdarma-ke-stazeni","status":"publish","type":"post","link":"https:\/\/www.nns.cz\/blog\/1-trida\/den-matek-pracovni-listy-pro-1-2-a-3-rocnik-zdarma-ke-stazeni\/","title":{"rendered":"Den matek: pracovn\u00ed listy pro 1.&nbsp;a&nbsp;2.&nbsp;ro\u010dn\u00edk a&nbsp;pexeso pro 3.&nbsp;ro\u010dn\u00edk zdarma ke sta\u017een\u00ed"},"content":{"rendered":"<p><img loading=\"lazy\" decoding=\"async\" class=\"wp-image-13180 alignleft\" src=\"https:\/\/www.nns.cz\/blog\/wp-content\/uploads\/aja-den-matek-nns.jpg\" alt=\"\" width=\"100\" height=\"101\" \/>Zdrav\u00edm v\u00e1s, kamar\u00e1di!<\/p>\n<p>Brzy bude 14.&nbsp;kv\u011btna. V&nbsp;tento den slav\u00ed v&nbsp;leto\u0161n\u00edm roce sv\u00e1tek v\u0161echny maminky. Tento sv\u00e1tek se naz\u00fdv\u00e1 Den matek. A&nbsp;tak by m\u011b zaj\u00edmalo, jestlipak u\u017e m\u00e1te p\u0159ipraven\u00e9 pro maminku p\u0159\u00e1n\u00ed\u010dko?<\/p>\n<p>J\u00e1 jsem pro maminku slo\u017eila i&nbsp;b\u00e1sni\u010dku.\u00a0Pokud se v\u00e1m bude l\u00edbit, m\u016f\u017eete se ji nau\u010dit a&nbsp;mamince k\u00a0sv\u00e1tku p\u0159edn\u00e9st.\u00a0Bude m\u00edt ur\u010dit\u011b velik\u00e1nskou radost!<\/p>\n<p><em>Kliknut\u00edm na obr\u00e1zek pracovn\u00edho listu se st\u00e1hne PDF pro 1.&nbsp;ro\u010dn\u00edk:<\/em><\/p>\n<p><a href=\"https:\/\/www.nns.cz\/blog\/wp-content\/uploads\/Pracovn\u00ed-list-ke-Dni-matek_1.-ro\u010d._kveten-nns.pdf\"><img loading=\"lazy\" decoding=\"async\" class=\"alignnone wp-image-13213\" src=\"https:\/\/www.nns.cz\/blog\/wp-content\/uploads\/PL-ke-Dni-matek_1.-ro\u010d-580x781.jpg\" alt=\"\" width=\"250\" height=\"337\" srcset=\"https:\/\/www.nns.cz\/blog\/wp-content\/uploads\/PL-ke-Dni-matek_1.-ro\u010d-580x781.jpg 580w, https:\/\/www.nns.cz\/blog\/wp-content\/uploads\/PL-ke-Dni-matek_1.-ro\u010d-600x808.jpg 600w, https:\/\/www.nns.cz\/blog\/wp-content\/uploads\/PL-ke-Dni-matek_1.-ro\u010d-768x1034.jpg 768w, https:\/\/www.nns.cz\/blog\/wp-content\/uploads\/PL-ke-Dni-matek_1.-ro\u010d-760x1024.jpg 760w, https:\/\/www.nns.cz\/blog\/wp-content\/uploads\/PL-ke-Dni-matek_1.-ro\u010d-1320x1777.jpg 1320w, https:\/\/www.nns.cz\/blog\/wp-content\/uploads\/PL-ke-Dni-matek_1.-ro\u010d.jpg 1619w\" sizes=\"auto, (max-width: 250px) 100vw, 250px\" \/><\/a><\/p>\n<p>Pro <strong>druh\u00e1ky<\/strong> jsem p\u0159ipravila pracovn\u00ed list s&nbsp;moc p\u011bkn\u00fdmi obr\u00e1zky kvetouc\u00edch rostlin. T\u0159eba v\u00e1s budou inspirovat k&nbsp;nakreslen\u00ed kyti\u010dky do p\u0159\u00e1n\u00ed\u010dka pro maminku.<\/p>\n<p><em>Kliknut\u00edm na obr\u00e1zek pracovn\u00edho listu se st\u00e1hne PDF pro 2.&nbsp;ro\u010dn\u00edk:<\/em><\/p>\n<p><a href=\"https:\/\/www.nns.cz\/blog\/wp-content\/uploads\/Pracovn\u00ed-list-ke-Dni-matek_2.-ro\u010dn\u00edk-J\u00e1-a-m\u016fj-sv\u011bt.pdf\"><img loading=\"lazy\" decoding=\"async\" class=\"alignnone wp-image-13092\" src=\"https:\/\/www.nns.cz\/blog\/wp-content\/uploads\/Pracovn\u00ed-list-ke-Dni-matek_2-nns-580x818.jpg\" alt=\"\" width=\"250\" height=\"353\" srcset=\"https:\/\/www.nns.cz\/blog\/wp-content\/uploads\/Pracovn\u00ed-list-ke-Dni-matek_2-nns-580x818.jpg 580w, https:\/\/www.nns.cz\/blog\/wp-content\/uploads\/Pracovn\u00ed-list-ke-Dni-matek_2-nns-600x847.jpg 600w, https:\/\/www.nns.cz\/blog\/wp-content\/uploads\/Pracovn\u00ed-list-ke-Dni-matek_2-nns-768x1084.jpg 768w, https:\/\/www.nns.cz\/blog\/wp-content\/uploads\/Pracovn\u00ed-list-ke-Dni-matek_2-nns-726x1024.jpg 726w, https:\/\/www.nns.cz\/blog\/wp-content\/uploads\/Pracovn\u00ed-list-ke-Dni-matek_2-nns-1320x1863.jpg 1320w, https:\/\/www.nns.cz\/blog\/wp-content\/uploads\/Pracovn\u00ed-list-ke-Dni-matek_2-nns.jpg 1610w\" sizes=\"auto, (max-width: 250px) 100vw, 250px\" \/><\/a><\/p>\n<p>A pro <strong>t\u0159e\u0165\u00e1ky<\/strong>? To budete koukat! Z&nbsp;fotek, kter\u00e9 jsem s&nbsp;maminkou nafotila loni na ja\u0159e, jsem p\u0159ipravila pexeso. Kdy\u017e se na n\u011b pod\u00edv\u00e1m, c\u00edt\u00edm tu n\u00e1dhernou v\u016fni v\u0161ech rozkvetl\u00fdch rostlin, kter\u00e9 tu jsou.<\/p>\n<p><em>Kliknut\u00edm na obr\u00e1zek pexesa se st\u00e1hne PDF pro 3.&nbsp;ro\u010dn\u00edk:<\/em><\/p>\n<p><a href=\"https:\/\/www.nns.cz\/blog\/wp-content\/uploads\/pexeso-ke-Dni-matek_3.-ro\u010d.nns_.pdf\"><img decoding=\"async\" class=\"alignnone size-thumbnail wp-image-13093\" src=\"https:\/\/www.nns.cz\/blog\/wp-content\/uploads\/pexeso-ke-Dni-matek_3.-ro\u010dn\u00edk_nns-580x411.jpg\" alt=\"\" width=\"580\" srcset=\"https:\/\/www.nns.cz\/blog\/wp-content\/uploads\/pexeso-ke-Dni-matek_3.-ro\u010dn\u00edk_nns-580x411.jpg 580w, https:\/\/www.nns.cz\/blog\/wp-content\/uploads\/pexeso-ke-Dni-matek_3.-ro\u010dn\u00edk_nns-600x425.jpg 600w, https:\/\/www.nns.cz\/blog\/wp-content\/uploads\/pexeso-ke-Dni-matek_3.-ro\u010dn\u00edk_nns-768x544.jpg 768w, https:\/\/www.nns.cz\/blog\/wp-content\/uploads\/pexeso-ke-Dni-matek_3.-ro\u010dn\u00edk_nns-1024x725.jpg 1024w, https:\/\/www.nns.cz\/blog\/wp-content\/uploads\/pexeso-ke-Dni-matek_3.-ro\u010dn\u00edk_nns-1320x935.jpg 1320w\" sizes=\"(max-width: 580px) 100vw, 580px\" \/><\/a><\/p>\n<p>A co vy, kamar\u00e1di?\u00a0Chod\u00edte si tak\u00e9 r\u00e1di na ja\u0159e p\u0159ivon\u011bt k&nbsp;rozkvetl\u00fdm rostlin\u00e1m?\u00a0Pr\u00e1v\u011b proto m\u011b napadlo, \u017ee v\u00e1s jist\u011b fotografie rozkvetl\u00fdch rostlin pot\u011b\u0161\u00ed!<\/p>\n<p>Tak ahoj, kamar\u00e1di!<\/p>\n<p>Va\u0161e \u00c1ja<\/p>\n<div class=\"inventory\" data-filter=\"false\" data-next=\"false\" data-cart=\"false\" data-ids=\"346, 1007, 277, 278, 279, 280,1090\"><div class=\"inventory-list\"><div class=\"dummy\"><\/div><div class=\"dummy\"><\/div><div class=\"dummy\"><\/div><div class=\"dummy\"><\/div><div class=\"dummy\"><\/div><div class=\"dummy\"><\/div><div class=\"dummy\"><\/div><\/div><\/div>\n<div class=\"inventory\" data-filter=\"false\" data-next=\"false\" data-cart=\"false\" data-ids=\"1115, 1446, 1541\"><div class=\"inventory-list\"><div class=\"dummy\"><\/div><div class=\"dummy\"><\/div><div class=\"dummy\"><\/div><\/div><\/div>\n<div class=\"inventory\" data-filter=\"false\" data-next=\"false\" data-cart=\"false\" data-ids=\"999, 1065, 1066\"><div class=\"inventory-list\"><div class=\"dummy\"><\/div><div class=\"dummy\"><\/div><div class=\"dummy\"><\/div><\/div><\/div>\n<div class=\"inventory\" data-filter=\"false\" data-next=\"false\" data-cart=\"false\" data-ids=\"1637,1622,1623,1624,1625,1626,1627,1628,1629\"><div class=\"inventory-list\"><div class=\"dummy\"><\/div><div class=\"dummy\"><\/div><div class=\"dummy\"><\/div><div class=\"dummy\"><\/div><div class=\"dummy\"><\/div><div class=\"dummy\"><\/div><div class=\"dummy\"><\/div><div class=\"dummy\"><\/div><div class=\"dummy\"><\/div><\/div><\/div>\n<div class=\"inventory\" data-filter=\"false\" data-next=\"false\" data-cart=\"false\" data-ids=\"874, 973,1162\"><div class=\"inventory-list\"><div class=\"dummy\"><\/div><div class=\"dummy\"><\/div><div class=\"dummy\"><\/div><\/div><\/div>\n<div class=\"inventory\" data-filter=\"false\" data-next=\"false\" data-cart=\"false\" data-ids=\"880, 881,984\"><div class=\"inventory-list\"><div class=\"dummy\"><\/div><div class=\"dummy\"><\/div><div class=\"dummy\"><\/div><\/div><\/div>\n<div class=\"inventory\" data-filter=\"false\" data-next=\"false\" data-cart=\"false\" data-ids=\"884, 885,985\"><div class=\"inventory-list\"><div class=\"dummy\"><\/div><div class=\"dummy\"><\/div><div class=\"dummy\"><\/div><\/div><\/div>\n<div class=\"inventory\" data-filter=\"false\" data-next=\"false\" data-cart=\"false\" data-ids=\"2106,2107,2108\"><div class=\"inventory-list\"><div class=\"dummy\"><\/div><div class=\"dummy\"><\/div><div class=\"dummy\"><\/div><\/div><\/div>\n","protected":false},"excerpt":{"rendered":"<p>Zdrav\u00edm v\u00e1s, kamar\u00e1di! Brzy bude 14.&nbsp;kv\u011btna. V&nbsp;tento den slav\u00ed v&nbsp;leto\u0161n\u00edm roce sv\u00e1tek v\u0161echny maminky. Tento sv\u00e1tek se naz\u00fdv\u00e1 Den matek. J\u00e1 jsem pro maminku slo\u017eila i&nbsp;b\u00e1sni\u010dku. Pokud se v\u00e1m bude l\u00edbit, m\u016f\u017eete se ji nau\u010dit a&nbsp;mamince k&nbsp;sv\u00e1tku p\u0159edn\u00e9st. Pro druh\u00e1ky jsem p\u0159ipravila pracovn\u00ed list s&nbsp;moc p\u011bkn\u00fdmi obr\u00e1zky kvetouc\u00edch rostlin. T\u0159eba v\u00e1s budou inspirovat k&nbsp;nakreslen\u00ed kyti\u010dky do p\u0159\u00e1n\u00ed\u010dka pro maminku. A&nbsp;pro t\u0159e\u0165\u00e1ky? Z&nbsp;fotek, kter\u00e9 jsem s&nbsp;maminkou nafotila loni na ja\u0159e, jsem p\u0159ipravila pexeso.<br \/>\nTak ahoj, kamar\u00e1di! Va\u0161e \u00c1ja<\/p>\n","protected":false},"author":5,"featured_media":0,"comment_status":"open","ping_status":"closed","sticky":false,"template":"","format":"standard","meta":{"footnotes":""},"categories":[35,19,32],"tags":[],"class_list":["post-13083","post","type-post","status-publish","format-standard","hentry","category-1-stupen","category-1-trida","category-prvouka"],"_links":{"self":[{"href":"https:\/\/www.nns.cz\/blog\/wp-json\/wp\/v2\/posts\/13083","targetHints":{"allow":["GET"]}}],"collection":[{"href":"https:\/\/www.nns.cz\/blog\/wp-json\/wp\/v2\/posts"}],"about":[{"href":"https:\/\/www.nns.cz\/blog\/wp-json\/wp\/v2\/types\/post"}],"author":[{"embeddable":true,"href":"https:\/\/www.nns.cz\/blog\/wp-json\/wp\/v2\/users\/5"}],"replies":[{"embeddable":true,"href":"https:\/\/www.nns.cz\/blog\/wp-json\/wp\/v2\/comments?post=13083"}],"version-history":[{"count":32,"href":"https:\/\/www.nns.cz\/blog\/wp-json\/wp\/v2\/posts\/13083\/revisions"}],"predecessor-version":[{"id":16941,"href":"https:\/\/www.nns.cz\/blog\/wp-json\/wp\/v2\/posts\/13083\/revisions\/16941"}],"wp:attachment":[{"href":"https:\/\/www.nns.cz\/blog\/wp-json\/wp\/v2\/media?parent=13083"}],"wp:term":[{"taxonomy":"category","embeddable":true,"href":"https:\/\/www.nns.cz\/blog\/wp-json\/wp\/v2\/categories?post=13083"},{"taxonomy":"post_tag","embeddable":true,"href":"https:\/\/www.nns.cz\/blog\/wp-json\/wp\/v2\/tags?post=13083"}],"curies":[{"name":"wp","href":"https:\/\/api.w.org\/{rel}","templated":true}]}}