{"id":20070,"date":"2026-01-24T08:36:00","date_gmt":"2026-01-24T06:36:00","guid":{"rendered":"https:\/\/www.nns.cz\/blog\/?p=20070"},"modified":"2026-01-24T13:12:01","modified_gmt":"2026-01-24T11:12:01","slug":"novinky-amos","status":"publish","type":"post","link":"https:\/\/www.nns.cz\/blog\/nezarazene\/novinky-amos\/","title":{"rendered":"Novinky AMOS ucelen\u00fd soubor pro 1.&nbsp;ro\u010dn\u00edk"},"content":{"rendered":"<div class=\"wp-block-image\">\n<figure class=\"alignright size-full is-resized\"><img loading=\"lazy\" decoding=\"async\" width=\"433\" height=\"432\" src=\"https:\/\/www.nns.cz\/blog\/wp-content\/uploads\/LOGO_AMOS-e1551302314745.png\" alt=\"\" class=\"wp-image-10978\" style=\"width:143px;height:auto\"\/><\/figure><\/div>\n\n\n<p style=\"font-size:14px\">S AMOSem m\u016f\u017eete vyu\u010dovat \u010dten\u00ed, psan\u00ed, po\u010d\u00edt\u00e1n\u00ed a&nbsp;prvouku jedn\u00edm v\u00fdukov\u00fdm stylem s&nbsp;didakticky i&nbsp;graficky prov\u00e1zan\u00fdm souborem u\u010debn\u00edch materi\u00e1l\u016f! V\u00edce informac\u00ed a&nbsp;<a href=\"https:\/\/nns.cz\/amos\/\" target=\"_blank\" rel=\"noreferrer noopener\">nns.cz\/amos<\/a>.<\/p>\n\n\n\n<h3 class=\"wp-block-heading has-text-align-left has-background has-medium-font-size\" style=\"background-color:#ddb8ff\">Vzd\u011bl\u00e1v\u00e1n\u00ed zdarma: <strong><strong><a href=\"https:\/\/nns.cz\/amos\/seminare-pro-vyucujici\/\" target=\"_blank\" rel=\"noreferrer noopener\">U\u010d\u00edm s&nbsp;AMOSem v&nbsp;1.&nbsp;ro\u010dn\u00edku<\/a><\/strong><\/strong><\/h3>\n\n\n\n<p style=\"font-size:14px\">V r\u00e1mci celoro\u010dn\u00edho programu \u201e<strong>U\u010d\u00edm s\u00a0AMOSem v\u00a01.\u00a0ro\u010dn\u00edku\u201c<\/strong>\u00a0z\u00edsk\u00e1te p\u0159\u00edstup k\u00a0<strong>metodick\u00fdm n\u00e1m\u011bt\u016fm ve form\u011b vide\u00ed<\/strong>, kter\u00e1 V\u00e1s budou prov\u00e1zet v\u00fdukou se\u00a0<strong>\u010cteme a\u00a0p\u00ed\u0161eme s\u00a0Ag\u00e1tou<\/strong>,\u00a0<strong>Mat\u00fdskovou matematikou<\/strong>\u00a0i\u00a0<strong>Oskarovou prvoukou\u00a0po\u00a0cel\u00fd 1.\u00a0ro\u010dn\u00edk<\/strong>. V\u00edce informac\u00ed o&nbsp;<a href=\"https:\/\/nns.cz\/amos\/seminare-pro-vyucujici\/\" target=\"_blank\" rel=\"noopener\">Vzd\u011bl\u00e1vac\u00edm program zdarma <strong>U\u010d\u00edm s&nbsp;AMOSem v&nbsp;1.&nbsp;ro\u010dn\u00edku<\/strong><\/a><br><strong>Registrace pro \u0161koln\u00ed rok 2026\/2027 ji\u017e zp\u0159\u00edstupn\u011bny!<\/strong><\/p>\n\n\n\n<h3 class=\"wp-block-heading has-text-align-left has-background has-medium-font-size\" style=\"background-color:#ddb8ff\">Novinka pro 2.&nbsp;ro\u010dn\u00edk: <strong><strong><a href=\"https:\/\/nns.cz\/amos\/amos-cesky-jazyk-2\/\" target=\"_blank\" rel=\"noreferrer noopener\"><strong>AMOS \u010cesk\u00fd jazyk 2<\/strong><\/a><\/strong><\/strong><\/h3>\n\n\n\n<p style=\"font-size:14px\">S nov\u00fdmi pracovn\u00edmi u\u010debnicemi AMOS \u010cesk\u00fd jazyk 2 nov\u011b m\u016f\u017eete <strong>ide\u00e1ln\u011b nav\u00e1zat <\/strong>na \u010cteme a&nbsp;p\u00ed\u0161eme s&nbsp;Ag\u00e1tou. S&nbsp;AMOS \u010cesk\u00fd jazyk 2 <em>\u010cteme a&nbsp;p\u00ed\u0161eme s&nbsp;Ag\u00e1tou<\/em><strong> je vytvo\u0159en\u00fd k&nbsp; v\u00fduce jak se sou\u010dasn\u00fdm, tak nov\u00fdm RVP ZV<\/strong>. V\u00edce informac\u00ed o&nbsp;<strong><strong><strong><a href=\"https:\/\/nns.cz\/amos\/amos-cesky-jazyk-2\/\" target=\"_blank\" rel=\"noreferrer noopener\">AMOS \u010cesk\u00fd jazyk 2<\/a><\/strong><\/strong><\/strong>.<\/p>\n\n\n\n<p>Sad\u011b materi\u00e1l\u016f&nbsp;<em>AMOS \u010cesk\u00fd jazyk 2<\/em>&nbsp;byla ud\u011blena schvalovac\u00ed dolo\u017eka M\u0160MT (\u010d.&nbsp;j. MSMT- 5281\/2025-3 ze dne 25.&nbsp;6.&nbsp;2025). <\/p>\n\n\n\n<h3 class=\"wp-block-heading has-background has-medium-font-size\" style=\"background-color:#e9d1fd\">Autorsk\u00e1 p\u0159edstaven\u00ed novinek online<\/h3>\n\n\n<div class=\"wp-block-image\">\n<figure class=\"alignright is-resized\"><img decoding=\"async\" src=\"https:\/\/www.nns.cz\/blog\/wp-content\/uploads\/P%C5%99edstaven%C3%AD-580x327.jpg\" alt=\"\" class=\"wp-image-16973\" style=\"width:273px;height:auto\"\/><\/figure><\/div>\n\n\n<p class=\"has-text-align-left\" style=\"font-size:14px\">Zp\u0159\u00edstup\u0148ujeme V\u00e1m zdarma v\u0161echny&nbsp;<strong>z\u00e1znamy&nbsp;<\/strong>dosud odvys\u00edlan\u00fdch&nbsp;<strong>autorsk\u00fdch p\u0159edstaven\u00ed<\/strong>:<\/p>\n\n\n\n<ul class=\"wp-block-list\">\n<li style=\"font-size:14px\"><a href=\"http:\/\/nns.cz\/knihovnicka\" target=\"_blank\" rel=\"noreferrer noopener\"><strong>Knihovni\u010dka ke Slabik\u00e1\u0159i AMOS<\/strong><\/a>&nbsp;\u2013 \u010dtu cel\u00e9 kn\u00ed\u017eky u\u017e od 1.&nbsp;ro\u010dn\u00edku<\/li>\n\n\n\n<li style=\"font-size:14px\"><strong><a href=\"https:\/\/nns.cz\/amos\/amos-plus\/\" target=\"_blank\" rel=\"noreferrer noopener\">AMOS PLUS pro 1.&nbsp;ro\u010dn\u00edk<\/a><\/strong>&nbsp;\u2013 rozv\u00edjejte aplikovan\u00e9 \u010dten\u00ed, psan\u00ed, po\u010d\u00edt\u00e1n\u00ed a&nbsp;prvouku ji\u017e od prvn\u00edho p\u00edsmene<\/li>\n\n\n\n<li style=\"font-size:14px\"><strong><a href=\"http:\/\/nns.cz\/postrehovani\" target=\"_blank\" rel=\"noreferrer noopener\">MIU\u010d+ Zdokonalujeme post\u0159ehov\u00e1n\u00ed<\/a><\/strong>&nbsp;\u2013 zlep\u0161ujte soust\u0159ed\u011bn\u00ed a&nbsp;kr\u00e1tkodobou pam\u011b\u0165 d\u011bt\u00ed<\/li>\n\n\n\n<li style=\"font-size:14px\"><a href=\"https:\/\/www.nns.cz\/blog\/interaktivni-ucebnice\/planujeme-cestu\/\" target=\"_blank\" rel=\"noreferrer noopener\"><strong>MIU\u010d+ k&nbsp;tisku Pl\u00e1nujeme cestu s&nbsp;Ag\u00e1tou pro 1.&nbsp;a\u017e 4.&nbsp;ro\u010dn\u00edk<\/strong><\/a>&nbsp;\u2013 pom\u00e1hejte Ag\u00e1t\u011b naj\u00edt spr\u00e1vnou cestu a&nbsp;rozv\u00edjejte t\u00edm orientaci v&nbsp;prostoru<\/li>\n\n\n\n<li style=\"font-size:14px\"><strong><a href=\"https:\/\/nns.cz\/agata\/ctenarske-zaklady\/\" target=\"_blank\" rel=\"noreferrer noopener\">\u010cten\u00e1\u0159sk\u00e9 z\u00e1klady<\/a>&nbsp;\u2013&nbsp;<\/strong>nab\u00edzej\u00edc\u00ed&nbsp;<em>\u010cteme a&nbsp;p\u00ed\u0161eme s&nbsp;Ag\u00e1tou<\/em>&nbsp;v&nbsp;<strong>rozvoln\u011bn\u00e9 podob\u011b<\/strong><\/li>\n<\/ul>\n\n\n\n<p>V\u00fdukov\u00fd materi\u00e1l p\u0159edstav\u00ed spoluautor&nbsp;<strong>Mgr. Milo\u0161 Novotn\u00fd<\/strong>.<\/p>\n\n\n\n<h2 class=\"wp-block-heading\"><strong>Jak online autorsk\u00e1 p\u0159edstaven\u00ed hodnot\u00ed \u00fa\u010dastn\u00edci?<\/strong><\/h2>\n\n\n\n<p>\u201eSkv\u011bl\u00fd lektor a&nbsp;jasn\u00e9, stru\u010dn\u00e9, p\u0159ehledn\u00e9 p\u0159edstaven\u00ed nov\u00e9ho materi\u00e1lu.\u201e<\/p>\n\n\n\n<p>\u201eJsem r\u00e1da za nov\u00e9 materi\u00e1ly, kter\u00e9 pomohou \u017e\u00e1k\u016fm, se kter\u00fdmi pracuji.\u201c<\/p>\n\n\n\n<p>\u201eBylo to velice zaj\u00edmav\u00e9 a&nbsp;dob\u0159e pou\u017eiteln\u00e9 v&nbsp;praxi.\u201e<\/p>\n\n\n\n<p>\u201eNemusela jsem nikam doj\u00ed\u017ed\u011bt a&nbsp;sezn\u00e1mila se s&nbsp;dal\u0161\u00edmi mo\u017enostmi.\u201e<\/p>\n\n\n\n<p>\u201eMoc mi p\u0159edstaven\u00ed pomohlo.\u201e<\/p>\n\n\n\n<p>\u201eAno, moc se mi to libilo. Je velmi d\u016fle\u017eit\u00e9 p\u0159edstavit nov\u00e9 u\u010debn\u00ed materi\u00e1ly. R\u00e1da se seznamuji s&nbsp;u\u010debnic\u00ed p\u0159ed t\u00edm, ne\u017e ji budu pou\u017e\u00edvat. V\u0161echna \u0161kolen\u00ed pana Novotn\u00e9ho jsou na velmi kvalitn\u00ed \u00farovni.\u201c<\/p>\n\n\n\n<p>\u201eBylo to skv\u011bl\u00e9, z\u00edskala jsem nov\u00e9 informace, kter\u00e9 ur\u010dit\u011b vyu\u017eiji.\u201c<\/p>\n","protected":false},"excerpt":{"rendered":"<p>S AMOSem m\u016f\u017eete vyu\u010dovat \u010dten\u00ed, psan\u00ed, po\u010d\u00edt\u00e1n\u00ed a&nbsp;prvouku jedn\u00edm v\u00fdukov\u00fdm stylem s&nbsp;didakticky i&nbsp;graficky prov\u00e1zan\u00fdm souborem u\u010debn\u00edch materi\u00e1l\u016f!<\/p>\n<p>Vzd\u011bl\u00e1v\u00e1n\u00ed zdarma: U\u010d\u00edm s&nbsp;AMOSem v&nbsp;1.&nbsp;ro\u010dn\u00edku<\/p>\n<p>V r\u00e1mci celoro\u010dn\u00edho programu \u201eU\u010d\u00edm s\u00a0AMOSem v\u00a01.\u00a0ro\u010dn\u00edku\u201c\u00a0z\u00edsk\u00e1te p\u0159\u00edstup k\u00a0metodick\u00fdm n\u00e1m\u011bt\u016fm ve form\u011b vide\u00ed, kter\u00e1 V\u00e1s budou prov\u00e1zet v\u00fdukou se\u00a0\u010cteme a\u00a0p\u00ed\u0161eme s\u00a0Ag\u00e1tou,\u00a0Mat\u00fdskovou matematikou\u00a0i\u00a0Oskarovou prvoukou\u00a0po\u00a0cel\u00fd 1.\u00a0ro\u010dn\u00edk.<\/p>\n<p>Novinka pro 2.&nbsp;ro\u010dnk: AMOS \u010cesk\u00fd jazyk 2<\/p>\n<p>S nov\u00fdmi pracovn\u00edmi u\u010debnicemi AMOS \u010cesk\u00fd jazyk 2 nov\u011b m\u016f\u017eete ide\u00e1ln\u011b nav\u00e1zat na \u010cteme a&nbsp;p\u00ed\u0161eme s&nbsp;Ag\u00e1tou. S&nbsp;AMOS \u010cesk\u00fd jazyk 2 \u010cteme a\u00a0p\u00ed\u0161eme s\u00a0Ag\u00e1tou je vytvo\u0159en\u00fd k&nbsp; v\u00fduce jak se sou\u010dasn\u00fdm, tak nov\u00fdm RVP ZV. V\u00edce informac\u00ed o&nbsp;AMOS \u010cesk\u00fd jazyk 2.<\/p>\n","protected":false},"author":12,"featured_media":0,"comment_status":"open","ping_status":"closed","sticky":false,"template":"","format":"standard","meta":{"footnotes":""},"categories":[1],"tags":[],"class_list":["post-20070","post","type-post","status-publish","format-standard","hentry","category-nezarazene"],"_links":{"self":[{"href":"https:\/\/www.nns.cz\/blog\/wp-json\/wp\/v2\/posts\/20070","targetHints":{"allow":["GET"]}}],"collection":[{"href":"https:\/\/www.nns.cz\/blog\/wp-json\/wp\/v2\/posts"}],"about":[{"href":"https:\/\/www.nns.cz\/blog\/wp-json\/wp\/v2\/types\/post"}],"author":[{"embeddable":true,"href":"https:\/\/www.nns.cz\/blog\/wp-json\/wp\/v2\/users\/12"}],"replies":[{"embeddable":true,"href":"https:\/\/www.nns.cz\/blog\/wp-json\/wp\/v2\/comments?post=20070"}],"version-history":[{"count":18,"href":"https:\/\/www.nns.cz\/blog\/wp-json\/wp\/v2\/posts\/20070\/revisions"}],"predecessor-version":[{"id":20652,"href":"https:\/\/www.nns.cz\/blog\/wp-json\/wp\/v2\/posts\/20070\/revisions\/20652"}],"wp:attachment":[{"href":"https:\/\/www.nns.cz\/blog\/wp-json\/wp\/v2\/media?parent=20070"}],"wp:term":[{"taxonomy":"category","embeddable":true,"href":"https:\/\/www.nns.cz\/blog\/wp-json\/wp\/v2\/categories?post=20070"},{"taxonomy":"post_tag","embeddable":true,"href":"https:\/\/www.nns.cz\/blog\/wp-json\/wp\/v2\/tags?post=20070"}],"curies":[{"name":"wp","href":"https:\/\/api.w.org\/{rel}","templated":true}]}}